{"id":3718,"date":"2022-03-28T09:02:37","date_gmt":"2022-03-28T09:02:37","guid":{"rendered":"https:\/\/plmfm.pt\/?p=3718\/"},"modified":"2022-10-28T09:06:52","modified_gmt":"2022-10-28T09:06:52","slug":"plm-reforca-parceria-com-a-sonae-sierra","status":"publish","type":"post","link":"https:\/\/plmfm.pt\/en\/plm-reforca-parceria-com-a-sonae-sierra\/","title":{"rendered":"PLM refor\u00e7a parceria com a SONAE SIERRA"},"content":{"rendered":"<\/div><\/div><\/div><!-- close content main div --><\/div><\/div><div id='av_section_1' class='avia-section main_color avia-section-no-padding avia-no-border-styling avia-bg-style-scroll   av-arrow-down-section av-minimum-height av-minimum-height-custom container_wrap sidebar_right' style = 'background-color: #d71921; '  ><div class='container' style='height:0px'><div class='template-page content  av-content-small alpha units'><div class='post-entry post-entry-type-page post-entry-3718'><div class='entry-content-wrapper clearfix'>\n<div style='padding-bottom:20px;color:#ffffff;' class='av-special-heading av-special-heading-h2 custom-color-heading blockquote modern-quote  '><h2 class='av-special-heading-tag '  itemprop=\"headline\"  >NEWS<\/h2><div class='special-heading-border'><div class='special-heading-inner-border' style='border-color:#ffffff'><\/div><\/div><\/div>\n<\/div><\/div><\/div><!-- close content main div --><\/div><div class='av-extra-border-element border-extra-arrow-down'><div class='av-extra-border-outer'><div class='av-extra-border-inner'  style='background-color:#d71921;' ><\/div><\/div><\/div><\/div><div id='after_section_1' class='main_color av_default_container_wrap container_wrap sidebar_right'   ><div class='container' ><div class='template-page content  av-content-small alpha units'><div class='post-entry post-entry-type-page post-entry-3718'><div class='entry-content-wrapper clearfix'><\/div><\/div><\/div><!-- close content main div --><\/div><div class='av-extra-border-element border-extra-arrow-down'><div class='av-extra-border-outer'><div class='av-extra-border-inner'  style='background-color:#d71921;' ><\/div><\/div><\/div><\/div><div id='av_section_2' class='avia-section main_color avia-section-default avia-no-border-styling avia-bg-style-scroll   av-minimum-height av-minimum-height-75 container_wrap sidebar_right'   ><div class='container' ><div class='template-page content  av-content-small alpha units'><div class='post-entry post-entry-type-page post-entry-3718'><div class='entry-content-wrapper clearfix'>\n<div class=\"flex_column av_one_half  flex_column_div av-zero-column-padding first  \" style='margin-top:0px; margin-bottom:0px; border-radius:0px; '><p><div style='padding-bottom:10px;color:#d71923;' class='av-special-heading av-special-heading-h2 custom-color-heading blockquote modern-quote  '><h2 class='av-special-heading-tag '  itemprop=\"headline\"  >PLM refor\u00e7a parceria com a SONAE SIERRA<\/h2><div class='special-heading-border'><div class='special-heading-inner-border' style='border-color:#d71923'><\/div><\/div><\/div><br \/>\n<section class=\"av_textblock_section \"  itemscope=\"itemscope\" itemtype=\"https:\/\/schema.org\/BlogPosting\" itemprop=\"blogPost\" ><div class='avia_textblock  '   itemprop=\"text\" ><p>A PLM viu refor\u00e7ada a parceria existente com a SONAE SIERRA, ao lhe ser concedida a confian\u00e7a para a execu\u00e7\u00e3o dos Servi\u00e7os de Manuten\u00e7\u00e3o, Condu\u00e7\u00e3o e Explora\u00e7\u00e3o das Instala\u00e7\u00f5es T\u00e9cnicas, dos Centros Comerciais AlgarveShopping, AlbufeiraShopping, Centro Comercial Continente de Portim\u00e3o, Albufeira Retail Park e Portim\u00e3o Retail Center.<\/p>\n<p>Estas cinco unidades comerciais constituem uma importante refer\u00eancia do retalho comercial na regi\u00e3o do Algarve, compreendendo um total de mais de 230 lojas.<\/p>\n<\/div><\/section><\/p><\/div><div class=\"flex_column av_one_half  flex_column_div av-zero-column-padding   \" style='margin-top:0px; margin-bottom:0px; border-radius:0px; '><p><div style='height:80px' class='hr hr-invisible  '><span class='hr-inner ' ><span class='hr-inner-style'><\/span><\/span><\/div><br \/>\n<div class='avia-gallery  avia-gallery-1 avia_lazyload avia_animate_when_visible '  itemprop=\"ImageObject\" itemscope=\"itemscope\" itemtype=\"https:\/\/schema.org\/ImageObject\" ><a class='avia-gallery-big fakeLightbox lightbox avia-gallery-big-crop-thumb ' href='https:\/\/plmfm.pt\/wp-content\/uploads\/2022\/04\/n4a-1030x593.jpg'  data-onclick='1' title='' ><span class='avia-gallery-big-inner'  itemprop=\"thumbnailUrl\" >\t<img width='1269' height='731' src='https:\/\/plmfm.pt\/wp-content\/uploads\/2022\/04\/n4a.jpg' title='Espa\u00e7os Comerciais \u2013 Sonae Sierra' alt='' \/><\/span><\/a><div class='avia-gallery-thumb'> <a href='https:\/\/plmfm.pt\/wp-content\/uploads\/2022\/04\/n4a-1030x593.jpg' data-rel='gallery-1' data-prev-img='https:\/\/plmfm.pt\/wp-content\/uploads\/2022\/04\/n4a.jpg' class='first_thumb lightbox ' data-onclick='1' title=''  itemprop=\"thumbnailUrl\" ><img  src='https:\/\/plmfm.pt\/wp-content\/uploads\/2022\/04\/n4a-495x400.jpg' width='495' height='400'  title='Espa\u00e7os Comerciais \u2013 Sonae Sierra' alt='' \/><\/a> <a href='https:\/\/plmfm.pt\/wp-content\/uploads\/2022\/04\/n4b.jpg' data-rel='gallery-1' data-prev-img='https:\/\/plmfm.pt\/wp-content\/uploads\/2022\/04\/n4b.jpg' class='lightbox ' data-onclick='2' title=''  itemprop=\"thumbnailUrl\" ><img  src='https:\/\/plmfm.pt\/wp-content\/uploads\/2022\/04\/n4b-495x400.jpg' width='495' height='400'  title='Espa\u00e7os Comerciais \u2013 Sonae Sierra' alt='' \/><\/a> <a href='https:\/\/plmfm.pt\/wp-content\/uploads\/2022\/04\/n4c.jpg' data-rel='gallery-1' data-prev-img='https:\/\/plmfm.pt\/wp-content\/uploads\/2022\/04\/n4c.jpg' class='lightbox ' data-onclick='3' title=''  itemprop=\"thumbnailUrl\" ><img  src='https:\/\/plmfm.pt\/wp-content\/uploads\/2022\/04\/n4c-495x400.jpg' width='495' height='400'  title='Espa\u00e7os Comerciais \u2013 Sonae Sierra' alt='' \/><\/a> <a href='https:\/\/plmfm.pt\/wp-content\/uploads\/2022\/04\/n4d.jpg' data-rel='gallery-1' data-prev-img='https:\/\/plmfm.pt\/wp-content\/uploads\/2022\/04\/n4d.jpg' class='lightbox ' data-onclick='4' title=''  itemprop=\"thumbnailUrl\" ><img  src='https:\/\/plmfm.pt\/wp-content\/uploads\/2022\/04\/n4d-495x400.jpg' width='495' height='400'  title='Espa\u00e7os Comerciais \u2013 Sonae Sierra' alt='' \/><\/a><\/div><\/div><br \/>\n<div style='height:80px' class='hr hr-invisible  '><span class='hr-inner ' ><span class='hr-inner-style'><\/span><\/span><\/div><\/p><\/div><div class=\"flex_column av_one_half  flex_column_div first  \" style='margin-top:0px; margin-bottom:0px; padding:0px 0px 80px 0px ; border-radius:0px; '><div class='av-social-sharing-box  '><div class='av-share-box'><h5 class='av-share-link-description'>Partilhar<\/h5><ul class='av-share-box-list noLightbox'><li class='av-share-link av-social-link-facebook' ><a target='_blank' href='http:\/\/www.facebook.com\/sharer.php?u=https:\/\/plmfm.pt\/en\/plm-reforca-parceria-com-a-sonae-sierra\/&amp;t=PLM%20refor%C3%A7a%20parceria%20com%20a%20SONAE%20SIERRA' aria-hidden='true' data-av_icon='\ue8f3' data-av_iconfont='entypo-fontello' title='' data-avia-related-tooltip='Share on Facebook'><span class='avia_hidden_link_text'>Share on Facebook<\/span><\/a><\/li><li class='av-share-link av-social-link-twitter' ><a target='_blank' href='https:\/\/twitter.com\/share?text=PLM%20refor%C3%A7a%20parceria%20com%20a%20SONAE%20SIERRA&url=https:\/\/plmfm.pt\/en\/?p=3718' aria-hidden='true' data-av_icon='\ue8f1' data-av_iconfont='entypo-fontello' title='' data-avia-related-tooltip='Share on Twitter'><span class='avia_hidden_link_text'>Share on Twitter<\/span><\/a><\/li><li class='av-share-link av-social-link-gplus' ><a target='_blank' href='https:\/\/plus.google.com\/share?url=https:\/\/plmfm.pt\/en\/plm-reforca-parceria-com-a-sonae-sierra\/' aria-hidden='true' data-av_icon='\ue8f6' data-av_iconfont='entypo-fontello' title='' data-avia-related-tooltip='Share on Google+'><span class='avia_hidden_link_text'>Share on Google+<\/span><\/a><\/li><li class='av-share-link av-social-link-pinterest' ><a target='_blank' href='http:\/\/pinterest.com\/pin\/create\/button\/?url=https%3A%2F%2Fplmfm.pt%2Fen%2Fplm-reforca-parceria-com-a-sonae-sierra%2F&amp;description=PLM%20refor%C3%A7a%20parceria%20com%20a%20SONAE%20SIERRA&amp;media=https%3A%2F%2Fplmfm.pt%2Fwp-content%2Fuploads%2F2022%2F04%2Fn4a-705x406.jpg' aria-hidden='true' data-av_icon='\ue8f8' data-av_iconfont='entypo-fontello' title='' data-avia-related-tooltip='Share on Pinterest'><span class='avia_hidden_link_text'>Share on Pinterest<\/span><\/a><\/li><li class='av-share-link av-social-link-linkedin' ><a target='_blank' href='http:\/\/linkedin.com\/shareArticle?mini=true&amp;title=PLM%20refor%C3%A7a%20parceria%20com%20a%20SONAE%20SIERRA&amp;url=https:\/\/plmfm.pt\/en\/plm-reforca-parceria-com-a-sonae-sierra\/' aria-hidden='true' data-av_icon='\ue8fc' data-av_iconfont='entypo-fontello' title='' data-avia-related-tooltip='Share on Linkedin'><span class='avia_hidden_link_text'>Share on Linkedin<\/span><\/a><\/li><li class='av-share-link av-social-link-tumblr' ><a target='_blank' href='http:\/\/www.tumblr.com\/share\/link?url=https%3A%2F%2Fplmfm.pt%2Fen%2Fplm-reforca-parceria-com-a-sonae-sierra%2F&amp;name=PLM%20refor%C3%A7a%20parceria%20com%20a%20SONAE%20SIERRA&amp;description=A%20PLM%20viu%20refor%C3%A7ada%20a%20parceria%20existente%20com%20a%20SONAE%20SIERRA...' aria-hidden='true' data-av_icon='\ue8fa' data-av_iconfont='entypo-fontello' title='' data-avia-related-tooltip='Share on Tumblr'><span class='avia_hidden_link_text'>Share on Tumblr<\/span><\/a><\/li><li class='av-share-link av-social-link-vk' ><a target='_blank' href='http:\/\/vk.com\/share.php?url=https:\/\/plmfm.pt\/en\/plm-reforca-parceria-com-a-sonae-sierra\/' aria-hidden='true' data-av_icon='\ue926' data-av_iconfont='entypo-fontello' title='' data-avia-related-tooltip='Share on Vk'><span class='avia_hidden_link_text'>Share on Vk<\/span><\/a><\/li><li class='av-share-link av-social-link-reddit' ><a target='_blank' href='http:\/\/reddit.com\/submit?url=https:\/\/plmfm.pt\/en\/plm-reforca-parceria-com-a-sonae-sierra\/&amp;title=PLM%20refor%C3%A7a%20parceria%20com%20a%20SONAE%20SIERRA' aria-hidden='true' data-av_icon='\ue927' data-av_iconfont='entypo-fontello' title='' data-avia-related-tooltip='Share on Reddit'><span class='avia_hidden_link_text'>Share on Reddit<\/span><\/a><\/li><li class='av-share-link av-social-link-mail' ><a  href='mailto:?subject=PLM%20refor%C3%A7a%20parceria%20com%20a%20SONAE%20SIERRA&amp;body=https:\/\/plmfm.pt\/en\/plm-reforca-parceria-com-a-sonae-sierra\/' aria-hidden='true' data-av_icon='\ue805' data-av_iconfont='entypo-fontello' title='' data-avia-related-tooltip='Share by Mail'><span class='avia_hidden_link_text'>Share by Mail<\/span><\/a><\/li><\/ul><\/div><\/div><\/div><div class=\"flex_column av_one_half  flex_column_div av-zero-column-padding   \" style='margin-top:0px; margin-bottom:0px; border-radius:0px; '><\/div>\n<\/div><\/div><\/div><!-- close content main div --><\/div><\/div><div id='after_section_2' class='main_color av_default_container_wrap container_wrap sidebar_right'   ><div class='container' ><div class='template-page content  av-content-small alpha units'><div class='post-entry post-entry-type-page post-entry-3718'><div class='entry-content-wrapper clearfix'><\/p>\n","protected":false},"excerpt":{"rendered":"<p>A PLM viu refor\u00e7ada a parceria existente com a SONAE SIERRA&#8230;<\/p>\n","protected":false},"author":1,"featured_media":3394,"comment_status":"closed","ping_status":"closed","sticky":false,"template":"","format":"standard","meta":{"footnotes":""},"categories":[61],"tags":[],"class_list":["post-3718","post","type-post","status-publish","format-standard","has-post-thumbnail","hentry","category-news"],"yoast_head":"<!-- This site is optimized with the Yoast SEO plugin v27.4 - https:\/\/yoast.com\/product\/yoast-seo-wordpress\/ -->\n<title>PLM refor\u00e7a parceria com a SONAE SIERRA - PLM | Facility Management<\/title>\n<meta name=\"robots\" content=\"index, follow, max-snippet:-1, max-image-preview:large, max-video-preview:-1\" \/>\n<link rel=\"canonical\" href=\"https:\/\/plmfm.pt\/en\/plm-reforca-parceria-com-a-sonae-sierra\/\" \/>\n<meta property=\"og:locale\" content=\"en_US\" \/>\n<meta property=\"og:type\" content=\"article\" \/>\n<meta property=\"og:title\" content=\"PLM refor\u00e7a parceria com a SONAE SIERRA - PLM | Facility Management\" \/>\n<meta property=\"og:description\" content=\"A PLM viu refor\u00e7ada a parceria existente com a SONAE SIERRA...\" \/>\n<meta property=\"og:url\" content=\"https:\/\/plmfm.pt\/en\/plm-reforca-parceria-com-a-sonae-sierra\/\" \/>\n<meta property=\"og:site_name\" content=\"PLM | Facility Management\" \/>\n<meta property=\"article:published_time\" content=\"2022-03-28T09:02:37+00:00\" \/>\n<meta property=\"article:modified_time\" content=\"2022-10-28T09:06:52+00:00\" \/>\n<meta property=\"og:image\" content=\"https:\/\/plmfm.pt\/wp-content\/uploads\/2022\/04\/n4a.jpg\" \/>\n\t<meta property=\"og:image:width\" content=\"1269\" \/>\n\t<meta property=\"og:image:height\" content=\"731\" \/>\n\t<meta property=\"og:image:type\" content=\"image\/jpeg\" \/>\n<meta name=\"author\" content=\"plm\" \/>\n<meta name=\"twitter:card\" content=\"summary_large_image\" \/>\n<meta name=\"twitter:label1\" content=\"Written by\" \/>\n\t<meta name=\"twitter:data1\" content=\"plm\" \/>\n\t<meta name=\"twitter:label2\" content=\"Est. reading time\" \/>\n\t<meta name=\"twitter:data2\" content=\"2 minutes\" \/>\n<script type=\"application\/ld+json\" class=\"yoast-schema-graph\">{\"@context\":\"https:\\\/\\\/schema.org\",\"@graph\":[{\"@type\":\"Article\",\"@id\":\"https:\\\/\\\/plmfm.pt\\\/en\\\/plm-reforca-parceria-com-a-sonae-sierra\\\/#article\",\"isPartOf\":{\"@id\":\"https:\\\/\\\/plmfm.pt\\\/en\\\/plm-reforca-parceria-com-a-sonae-sierra\\\/\"},\"author\":{\"name\":\"plm\",\"@id\":\"https:\\\/\\\/plmfm.pt\\\/#\\\/schema\\\/person\\\/c3f13d6ee18404a895a47ed9df817203\"},\"headline\":\"PLM refor\u00e7a parceria com a SONAE SIERRA\",\"datePublished\":\"2022-03-28T09:02:37+00:00\",\"dateModified\":\"2022-10-28T09:06:52+00:00\",\"mainEntityOfPage\":{\"@id\":\"https:\\\/\\\/plmfm.pt\\\/en\\\/plm-reforca-parceria-com-a-sonae-sierra\\\/\"},\"wordCount\":624,\"publisher\":{\"@id\":\"https:\\\/\\\/plmfm.pt\\\/#organization\"},\"image\":{\"@id\":\"https:\\\/\\\/plmfm.pt\\\/en\\\/plm-reforca-parceria-com-a-sonae-sierra\\\/#primaryimage\"},\"thumbnailUrl\":\"https:\\\/\\\/plmfm.pt\\\/wp-content\\\/uploads\\\/2022\\\/04\\\/n4a.jpg\",\"articleSection\":[\"news\"],\"inLanguage\":\"en-US\"},{\"@type\":\"WebPage\",\"@id\":\"https:\\\/\\\/plmfm.pt\\\/en\\\/plm-reforca-parceria-com-a-sonae-sierra\\\/\",\"url\":\"https:\\\/\\\/plmfm.pt\\\/en\\\/plm-reforca-parceria-com-a-sonae-sierra\\\/\",\"name\":\"PLM refor\u00e7a parceria com a SONAE SIERRA - PLM | Facility Management\",\"isPartOf\":{\"@id\":\"https:\\\/\\\/plmfm.pt\\\/#website\"},\"primaryImageOfPage\":{\"@id\":\"https:\\\/\\\/plmfm.pt\\\/en\\\/plm-reforca-parceria-com-a-sonae-sierra\\\/#primaryimage\"},\"image\":{\"@id\":\"https:\\\/\\\/plmfm.pt\\\/en\\\/plm-reforca-parceria-com-a-sonae-sierra\\\/#primaryimage\"},\"thumbnailUrl\":\"https:\\\/\\\/plmfm.pt\\\/wp-content\\\/uploads\\\/2022\\\/04\\\/n4a.jpg\",\"datePublished\":\"2022-03-28T09:02:37+00:00\",\"dateModified\":\"2022-10-28T09:06:52+00:00\",\"breadcrumb\":{\"@id\":\"https:\\\/\\\/plmfm.pt\\\/en\\\/plm-reforca-parceria-com-a-sonae-sierra\\\/#breadcrumb\"},\"inLanguage\":\"en-US\",\"potentialAction\":[{\"@type\":\"ReadAction\",\"target\":[\"https:\\\/\\\/plmfm.pt\\\/en\\\/plm-reforca-parceria-com-a-sonae-sierra\\\/\"]}]},{\"@type\":\"ImageObject\",\"inLanguage\":\"en-US\",\"@id\":\"https:\\\/\\\/plmfm.pt\\\/en\\\/plm-reforca-parceria-com-a-sonae-sierra\\\/#primaryimage\",\"url\":\"https:\\\/\\\/plmfm.pt\\\/wp-content\\\/uploads\\\/2022\\\/04\\\/n4a.jpg\",\"contentUrl\":\"https:\\\/\\\/plmfm.pt\\\/wp-content\\\/uploads\\\/2022\\\/04\\\/n4a.jpg\",\"width\":1269,\"height\":731},{\"@type\":\"BreadcrumbList\",\"@id\":\"https:\\\/\\\/plmfm.pt\\\/en\\\/plm-reforca-parceria-com-a-sonae-sierra\\\/#breadcrumb\",\"itemListElement\":[{\"@type\":\"ListItem\",\"position\":1,\"name\":\"Home\",\"item\":\"https:\\\/\\\/plmfm.pt\\\/en\\\/\"},{\"@type\":\"ListItem\",\"position\":2,\"name\":\"PLM refor\u00e7a parceria com a SONAE SIERRA\"}]},{\"@type\":\"WebSite\",\"@id\":\"https:\\\/\\\/plmfm.pt\\\/#website\",\"url\":\"https:\\\/\\\/plmfm.pt\\\/\",\"name\":\"PLM | Facility Management\",\"description\":\"Planeamento e gest\u00e3o de manuten\u00e7\u00e3o\",\"publisher\":{\"@id\":\"https:\\\/\\\/plmfm.pt\\\/#organization\"},\"potentialAction\":[{\"@type\":\"SearchAction\",\"target\":{\"@type\":\"EntryPoint\",\"urlTemplate\":\"https:\\\/\\\/plmfm.pt\\\/?s={search_term_string}\"},\"query-input\":{\"@type\":\"PropertyValueSpecification\",\"valueRequired\":true,\"valueName\":\"search_term_string\"}}],\"inLanguage\":\"en-US\"},{\"@type\":\"Organization\",\"@id\":\"https:\\\/\\\/plmfm.pt\\\/#organization\",\"name\":\"PLM | Facility Management\",\"url\":\"https:\\\/\\\/plmfm.pt\\\/\",\"logo\":{\"@type\":\"ImageObject\",\"inLanguage\":\"en-US\",\"@id\":\"https:\\\/\\\/plmfm.pt\\\/#\\\/schema\\\/logo\\\/image\\\/\",\"url\":\"https:\\\/\\\/plmfm.pt\\\/wp-content\\\/uploads\\\/2016\\\/05\\\/logo-1.png\",\"contentUrl\":\"https:\\\/\\\/plmfm.pt\\\/wp-content\\\/uploads\\\/2016\\\/05\\\/logo-1.png\",\"width\":394,\"height\":286,\"caption\":\"PLM | Facility Management\"},\"image\":{\"@id\":\"https:\\\/\\\/plmfm.pt\\\/#\\\/schema\\\/logo\\\/image\\\/\"},\"sameAs\":[\"https:\\\/\\\/pt.linkedin.com\\\/company\\\/plm---facility-management\"]},{\"@type\":\"Person\",\"@id\":\"https:\\\/\\\/plmfm.pt\\\/#\\\/schema\\\/person\\\/c3f13d6ee18404a895a47ed9df817203\",\"name\":\"plm\",\"image\":{\"@type\":\"ImageObject\",\"inLanguage\":\"en-US\",\"@id\":\"https:\\\/\\\/secure.gravatar.com\\\/avatar\\\/006755b689b137fa04fecf3e355479209d35986d8c80685ab348e8d4ee6be98a?s=96&d=mm&r=g\",\"url\":\"https:\\\/\\\/secure.gravatar.com\\\/avatar\\\/006755b689b137fa04fecf3e355479209d35986d8c80685ab348e8d4ee6be98a?s=96&d=mm&r=g\",\"contentUrl\":\"https:\\\/\\\/secure.gravatar.com\\\/avatar\\\/006755b689b137fa04fecf3e355479209d35986d8c80685ab348e8d4ee6be98a?s=96&d=mm&r=g\",\"caption\":\"plm\"},\"url\":\"https:\\\/\\\/plmfm.pt\\\/en\\\/author\\\/helderk\\\/\"}]}<\/script>\n<!-- \/ Yoast SEO plugin. -->","yoast_head_json":{"title":"PLM refor\u00e7a parceria com a SONAE SIERRA - PLM | Facility Management","robots":{"index":"index","follow":"follow","max-snippet":"max-snippet:-1","max-image-preview":"max-image-preview:large","max-video-preview":"max-video-preview:-1"},"canonical":"https:\/\/plmfm.pt\/en\/plm-reforca-parceria-com-a-sonae-sierra\/","og_locale":"en_US","og_type":"article","og_title":"PLM refor\u00e7a parceria com a SONAE SIERRA - PLM | Facility Management","og_description":"A PLM viu refor\u00e7ada a parceria existente com a SONAE SIERRA...","og_url":"https:\/\/plmfm.pt\/en\/plm-reforca-parceria-com-a-sonae-sierra\/","og_site_name":"PLM | Facility Management","article_published_time":"2022-03-28T09:02:37+00:00","article_modified_time":"2022-10-28T09:06:52+00:00","og_image":[{"width":1269,"height":731,"url":"https:\/\/plmfm.pt\/wp-content\/uploads\/2022\/04\/n4a.jpg","type":"image\/jpeg"}],"author":"plm","twitter_card":"summary_large_image","twitter_misc":{"Written by":"plm","Est. reading time":"2 minutes"},"schema":{"@context":"https:\/\/schema.org","@graph":[{"@type":"Article","@id":"https:\/\/plmfm.pt\/en\/plm-reforca-parceria-com-a-sonae-sierra\/#article","isPartOf":{"@id":"https:\/\/plmfm.pt\/en\/plm-reforca-parceria-com-a-sonae-sierra\/"},"author":{"name":"plm","@id":"https:\/\/plmfm.pt\/#\/schema\/person\/c3f13d6ee18404a895a47ed9df817203"},"headline":"PLM refor\u00e7a parceria com a SONAE SIERRA","datePublished":"2022-03-28T09:02:37+00:00","dateModified":"2022-10-28T09:06:52+00:00","mainEntityOfPage":{"@id":"https:\/\/plmfm.pt\/en\/plm-reforca-parceria-com-a-sonae-sierra\/"},"wordCount":624,"publisher":{"@id":"https:\/\/plmfm.pt\/#organization"},"image":{"@id":"https:\/\/plmfm.pt\/en\/plm-reforca-parceria-com-a-sonae-sierra\/#primaryimage"},"thumbnailUrl":"https:\/\/plmfm.pt\/wp-content\/uploads\/2022\/04\/n4a.jpg","articleSection":["news"],"inLanguage":"en-US"},{"@type":"WebPage","@id":"https:\/\/plmfm.pt\/en\/plm-reforca-parceria-com-a-sonae-sierra\/","url":"https:\/\/plmfm.pt\/en\/plm-reforca-parceria-com-a-sonae-sierra\/","name":"PLM refor\u00e7a parceria com a SONAE SIERRA - PLM | Facility Management","isPartOf":{"@id":"https:\/\/plmfm.pt\/#website"},"primaryImageOfPage":{"@id":"https:\/\/plmfm.pt\/en\/plm-reforca-parceria-com-a-sonae-sierra\/#primaryimage"},"image":{"@id":"https:\/\/plmfm.pt\/en\/plm-reforca-parceria-com-a-sonae-sierra\/#primaryimage"},"thumbnailUrl":"https:\/\/plmfm.pt\/wp-content\/uploads\/2022\/04\/n4a.jpg","datePublished":"2022-03-28T09:02:37+00:00","dateModified":"2022-10-28T09:06:52+00:00","breadcrumb":{"@id":"https:\/\/plmfm.pt\/en\/plm-reforca-parceria-com-a-sonae-sierra\/#breadcrumb"},"inLanguage":"en-US","potentialAction":[{"@type":"ReadAction","target":["https:\/\/plmfm.pt\/en\/plm-reforca-parceria-com-a-sonae-sierra\/"]}]},{"@type":"ImageObject","inLanguage":"en-US","@id":"https:\/\/plmfm.pt\/en\/plm-reforca-parceria-com-a-sonae-sierra\/#primaryimage","url":"https:\/\/plmfm.pt\/wp-content\/uploads\/2022\/04\/n4a.jpg","contentUrl":"https:\/\/plmfm.pt\/wp-content\/uploads\/2022\/04\/n4a.jpg","width":1269,"height":731},{"@type":"BreadcrumbList","@id":"https:\/\/plmfm.pt\/en\/plm-reforca-parceria-com-a-sonae-sierra\/#breadcrumb","itemListElement":[{"@type":"ListItem","position":1,"name":"Home","item":"https:\/\/plmfm.pt\/en\/"},{"@type":"ListItem","position":2,"name":"PLM refor\u00e7a parceria com a SONAE SIERRA"}]},{"@type":"WebSite","@id":"https:\/\/plmfm.pt\/#website","url":"https:\/\/plmfm.pt\/","name":"PLM | Facility Management","description":"Planeamento e gest\u00e3o de manuten\u00e7\u00e3o","publisher":{"@id":"https:\/\/plmfm.pt\/#organization"},"potentialAction":[{"@type":"SearchAction","target":{"@type":"EntryPoint","urlTemplate":"https:\/\/plmfm.pt\/?s={search_term_string}"},"query-input":{"@type":"PropertyValueSpecification","valueRequired":true,"valueName":"search_term_string"}}],"inLanguage":"en-US"},{"@type":"Organization","@id":"https:\/\/plmfm.pt\/#organization","name":"PLM | Facility Management","url":"https:\/\/plmfm.pt\/","logo":{"@type":"ImageObject","inLanguage":"en-US","@id":"https:\/\/plmfm.pt\/#\/schema\/logo\/image\/","url":"https:\/\/plmfm.pt\/wp-content\/uploads\/2016\/05\/logo-1.png","contentUrl":"https:\/\/plmfm.pt\/wp-content\/uploads\/2016\/05\/logo-1.png","width":394,"height":286,"caption":"PLM | Facility Management"},"image":{"@id":"https:\/\/plmfm.pt\/#\/schema\/logo\/image\/"},"sameAs":["https:\/\/pt.linkedin.com\/company\/plm---facility-management"]},{"@type":"Person","@id":"https:\/\/plmfm.pt\/#\/schema\/person\/c3f13d6ee18404a895a47ed9df817203","name":"plm","image":{"@type":"ImageObject","inLanguage":"en-US","@id":"https:\/\/secure.gravatar.com\/avatar\/006755b689b137fa04fecf3e355479209d35986d8c80685ab348e8d4ee6be98a?s=96&d=mm&r=g","url":"https:\/\/secure.gravatar.com\/avatar\/006755b689b137fa04fecf3e355479209d35986d8c80685ab348e8d4ee6be98a?s=96&d=mm&r=g","contentUrl":"https:\/\/secure.gravatar.com\/avatar\/006755b689b137fa04fecf3e355479209d35986d8c80685ab348e8d4ee6be98a?s=96&d=mm&r=g","caption":"plm"},"url":"https:\/\/plmfm.pt\/en\/author\/helderk\/"}]}},"_links":{"self":[{"href":"https:\/\/plmfm.pt\/en\/wp-json\/wp\/v2\/posts\/3718","targetHints":{"allow":["GET"]}}],"collection":[{"href":"https:\/\/plmfm.pt\/en\/wp-json\/wp\/v2\/posts"}],"about":[{"href":"https:\/\/plmfm.pt\/en\/wp-json\/wp\/v2\/types\/post"}],"author":[{"embeddable":true,"href":"https:\/\/plmfm.pt\/en\/wp-json\/wp\/v2\/users\/1"}],"replies":[{"embeddable":true,"href":"https:\/\/plmfm.pt\/en\/wp-json\/wp\/v2\/comments?post=3718"}],"version-history":[{"count":2,"href":"https:\/\/plmfm.pt\/en\/wp-json\/wp\/v2\/posts\/3718\/revisions"}],"predecessor-version":[{"id":3720,"href":"https:\/\/plmfm.pt\/en\/wp-json\/wp\/v2\/posts\/3718\/revisions\/3720"}],"wp:featuredmedia":[{"embeddable":true,"href":"https:\/\/plmfm.pt\/en\/wp-json\/wp\/v2\/media\/3394"}],"wp:attachment":[{"href":"https:\/\/plmfm.pt\/en\/wp-json\/wp\/v2\/media?parent=3718"}],"wp:term":[{"taxonomy":"category","embeddable":true,"href":"https:\/\/plmfm.pt\/en\/wp-json\/wp\/v2\/categories?post=3718"},{"taxonomy":"post_tag","embeddable":true,"href":"https:\/\/plmfm.pt\/en\/wp-json\/wp\/v2\/tags?post=3718"}],"curies":[{"name":"wp","href":"https:\/\/api.w.org\/{rel}","templated":true}]}}